{"id":717,"date":"2013-08-12T15:45:29","date_gmt":"2013-08-12T13:45:29","guid":{"rendered":"https:\/\/www.ecoledesecoles.eu\/website\/?p=717"},"modified":"2014-04-14T12:56:35","modified_gmt":"2014-04-14T10:56:35","slug":"ede-london-meeting-coming-up","status":"publish","type":"post","link":"https:\/\/www.ecoledesecoles.eu\/fr\/ede-london-meeting-coming-up\/","title":{"rendered":"\u00c9cole des \u00e9coles annually General Assembly in London 24th &#8211; 25th October"},"content":{"rendered":"<p>The next \u00c9cole des \u00e9coles meeting will take place at <em>Guildhall School of Music and Drama<\/em> in London from 24th &#8211; 25th October 2013.<\/p>\n<p>The meeting will be a combined Grundtvig meeting and the Annually General Assembly.<\/p>\n<p>At the meeting the \u00c9cole des \u00e9coles partners will discuss and plan network activities for the coming year.<\/p>\n<p>Further information concerning the general assembly will be given soon.<\/p>\n<p><strong>\u00a0<a href=\"https:\/\/www.ecoledesecoles.eu\/website\/wp-content\/uploads\/2013\/10\/Schedule-\u00c9cole-des-\u00e9coles-Grundtvig-meeting-and-Generally-Assembly.pdf\">Programme of the Ede London meeting<\/a><\/strong><\/p>\n<p><strong><a href=\"https:\/\/www.ecoledesecoles.eu\/website\/wp-content\/uploads\/2013\/10\/\u00c8cole-des-\u00c9coles-general-assembly-Agenda.pdf\">General Assembly &#8211; Agenda<\/a><\/strong><\/p>","protected":false},"excerpt":{"rendered":"<p>The next \u00c9cole des \u00e9coles meeting will take place at Guildhall School of Music and Drama in London from 24th &#8211; 25th October 2013. The meeting will be a combined Grundtvig meeting and the Annually General Assembly. At the meeting the \u00c9cole des \u00e9coles partners will discuss and plan network activities for the coming year. &hellip;<\/p>\n<p class=\"read-more\"> <a class=\"\" href=\"https:\/\/www.ecoledesecoles.eu\/fr\/ede-london-meeting-coming-up\/\"> <span class=\"screen-reader-text\">\u00c9cole des \u00e9coles annually General Assembly in London 24th &#8211; 25th October<\/span> Lire la suite\u00a0\u00bb<\/a><\/p>","protected":false},"author":1,"featured_media":0,"comment_status":"open","ping_status":"open","sticky":false,"template":"","format":"standard","meta":{"_uag_custom_page_level_css":"","footnotes":""},"categories":[1],"tags":[],"class_list":["post-717","post","type-post","status-publish","format-standard","hentry","category-news"],"uagb_featured_image_src":{"full":false,"thumbnail":false,"medium":false,"medium_large":false,"large":false,"1536x1536":false,"2048x2048":false,"trp-custom-language-flag":false},"uagb_author_info":{"display_name":"admin","author_link":"https:\/\/www.ecoledesecoles.eu\/fr\/author\/admin\/"},"uagb_comment_info":0,"uagb_excerpt":"The next \u00c9cole des \u00e9coles meeting will take place at Guildhall School of Music and Drama in London from 24th &#8211; 25th October 2013. The meeting will be a combined Grundtvig meeting and the Annually General Assembly. At the meeting the \u00c9cole des \u00e9coles partners will discuss and plan network activities for the coming year.\u2026","_links":{"self":[{"href":"https:\/\/www.ecoledesecoles.eu\/fr\/wp-json\/wp\/v2\/posts\/717","targetHints":{"allow":["GET"]}}],"collection":[{"href":"https:\/\/www.ecoledesecoles.eu\/fr\/wp-json\/wp\/v2\/posts"}],"about":[{"href":"https:\/\/www.ecoledesecoles.eu\/fr\/wp-json\/wp\/v2\/types\/post"}],"author":[{"embeddable":true,"href":"https:\/\/www.ecoledesecoles.eu\/fr\/wp-json\/wp\/v2\/users\/1"}],"replies":[{"embeddable":true,"href":"https:\/\/www.ecoledesecoles.eu\/fr\/wp-json\/wp\/v2\/comments?post=717"}],"version-history":[{"count":28,"href":"https:\/\/www.ecoledesecoles.eu\/fr\/wp-json\/wp\/v2\/posts\/717\/revisions"}],"predecessor-version":[{"id":730,"href":"https:\/\/www.ecoledesecoles.eu\/fr\/wp-json\/wp\/v2\/posts\/717\/revisions\/730"}],"wp:attachment":[{"href":"https:\/\/www.ecoledesecoles.eu\/fr\/wp-json\/wp\/v2\/media?parent=717"}],"wp:term":[{"taxonomy":"category","embeddable":true,"href":"https:\/\/www.ecoledesecoles.eu\/fr\/wp-json\/wp\/v2\/categories?post=717"},{"taxonomy":"post_tag","embeddable":true,"href":"https:\/\/www.ecoledesecoles.eu\/fr\/wp-json\/wp\/v2\/tags?post=717"}],"curies":[{"name":"wp","href":"https:\/\/api.w.org\/{rel}","templated":true}]}}