{"id":998,"date":"2014-04-14T13:10:24","date_gmt":"2014-04-14T11:10:24","guid":{"rendered":"https:\/\/www.ecoledesecoles.eu\/website\/?p=998"},"modified":"2014-04-15T12:36:51","modified_gmt":"2014-04-15T10:36:51","slug":"when-the-costume-becomes-the-masks-body-ede-seminar-strasbourg-4-7-june-2014","status":"publish","type":"post","link":"https:\/\/www.ecoledesecoles.eu\/fr\/when-the-costume-becomes-the-masks-body-ede-seminar-strasbourg-4-7-june-2014\/","title":{"rendered":"When the costume becomes the mask&#8217;s body &#8211; EdE seminar Strasbourg 4-7 June 2014"},"content":{"rendered":"<p>The next \u00c9coles des \u00c9coles seminar will take place at Th\u00e9\u00e2tre National de Strasbourg 4-7 June.<\/p>\n<p>The seminar is also part of the Grundtvig project<em> Developing Key Competencies through Theatre Practice<\/em>.<\/p>\n<p>In Strasbourg the General Assembly will take place where a new President for the EdE-network will be elected.<\/p>\n<p><a href=\"https:\/\/www.ecoledesecoles.eu\/website\/wp-content\/uploads\/2014\/04\/REGISTRATION-FORM.pdf\"><strong>Registration<\/strong><\/a> for the seminar should be send to<a href=\"mailto:C.Athanase@tns.fr\"> Coralie Athanase<\/a>.<\/p>\n<p>The provisional programme for the seminar is available <strong><a href=\"https:\/\/www.ecoledesecoles.eu\/website\/wp-content\/uploads\/2014\/04\/Timetable.pdf\">ici<\/a><\/strong>.<\/p>","protected":false},"excerpt":{"rendered":"<p>The next \u00c9coles des \u00c9coles seminar will take place at Th\u00e9\u00e2tre National de Strasbourg 4-7 June. The seminar is also part of the Grundtvig project Developing Key Competencies through Theatre Practice. In Strasbourg the General Assembly will take place where a new President for the EdE-network will be elected. Registration for the seminar should be &hellip;<\/p>\n<p class=\"read-more\"> <a class=\"\" href=\"https:\/\/www.ecoledesecoles.eu\/fr\/when-the-costume-becomes-the-masks-body-ede-seminar-strasbourg-4-7-june-2014\/\"> <span class=\"screen-reader-text\">When the costume becomes the mask&#8217;s body &#8211; EdE seminar Strasbourg 4-7 June 2014<\/span> Lire la suite\u00a0\u00bb<\/a><\/p>","protected":false},"author":1,"featured_media":0,"comment_status":"open","ping_status":"open","sticky":false,"template":"","format":"standard","meta":{"_uag_custom_page_level_css":"","footnotes":""},"categories":[1],"tags":[],"class_list":["post-998","post","type-post","status-publish","format-standard","hentry","category-news"],"uagb_featured_image_src":{"full":false,"thumbnail":false,"medium":false,"medium_large":false,"large":false,"1536x1536":false,"2048x2048":false,"trp-custom-language-flag":false},"uagb_author_info":{"display_name":"admin","author_link":"https:\/\/www.ecoledesecoles.eu\/fr\/author\/admin\/"},"uagb_comment_info":0,"uagb_excerpt":"The next \u00c9coles des \u00c9coles seminar will take place at Th\u00e9\u00e2tre National de Strasbourg 4-7 June. The seminar is also part of the Grundtvig project Developing Key Competencies through Theatre Practice. In Strasbourg the General Assembly will take place where a new President for the EdE-network will be elected. Registration for the seminar should be\u2026","_links":{"self":[{"href":"https:\/\/www.ecoledesecoles.eu\/fr\/wp-json\/wp\/v2\/posts\/998","targetHints":{"allow":["GET"]}}],"collection":[{"href":"https:\/\/www.ecoledesecoles.eu\/fr\/wp-json\/wp\/v2\/posts"}],"about":[{"href":"https:\/\/www.ecoledesecoles.eu\/fr\/wp-json\/wp\/v2\/types\/post"}],"author":[{"embeddable":true,"href":"https:\/\/www.ecoledesecoles.eu\/fr\/wp-json\/wp\/v2\/users\/1"}],"replies":[{"embeddable":true,"href":"https:\/\/www.ecoledesecoles.eu\/fr\/wp-json\/wp\/v2\/comments?post=998"}],"version-history":[{"count":6,"href":"https:\/\/www.ecoledesecoles.eu\/fr\/wp-json\/wp\/v2\/posts\/998\/revisions"}],"predecessor-version":[{"id":1012,"href":"https:\/\/www.ecoledesecoles.eu\/fr\/wp-json\/wp\/v2\/posts\/998\/revisions\/1012"}],"wp:attachment":[{"href":"https:\/\/www.ecoledesecoles.eu\/fr\/wp-json\/wp\/v2\/media?parent=998"}],"wp:term":[{"taxonomy":"category","embeddable":true,"href":"https:\/\/www.ecoledesecoles.eu\/fr\/wp-json\/wp\/v2\/categories?post=998"},{"taxonomy":"post_tag","embeddable":true,"href":"https:\/\/www.ecoledesecoles.eu\/fr\/wp-json\/wp\/v2\/tags?post=998"}],"curies":[{"name":"wp","href":"https:\/\/api.w.org\/{rel}","templated":true}]}}